{"id":3754,"date":"2025-03-26T09:42:03","date_gmt":"2025-03-26T09:42:03","guid":{"rendered":"https:\/\/excelsea.de\/?p=3754"},"modified":"2025-03-26T09:42:04","modified_gmt":"2025-03-26T09:42:04","slug":"von-der-krise-zur-chance-remote-work-hat-unsere-arbeit-veraendert","status":"publish","type":"post","link":"https:\/\/excelsea.de\/de\/von-der-krise-zur-chance-remote-work-hat-unsere-arbeit-veraendert\/","title":{"rendered":"Von der Krise zur Chance: Remote Work hat unsere Arbeit ver\u00e4ndert"},"content":{"rendered":"\n<p>Diese Woche vor f\u00fcnf Jahren (damals noch unter unserem alten Firmennamen) haben wir uns unsere Laptops geschnappt und zum ersten Mal von zu Hause aus gearbeitet. Corona war der Ausl\u00f6ser. Kurz darauf kam der Lockdown und zwang uns, lange Zeit an K\u00fcchen- und Wohnzimmertischen zu arbeiten. Keiner von uns hatte zu dieser Zeit ein gut ausgestattetes Home-Office.<\/p>\n\n\n\n<p>Was als Notl\u00f6sung begann, wurde im Laufe der Jahre zu einer neuen Art des Arbeitens. Heute ist die remote Work ein fester Bestandteil von Excelsea. Unsere Teams arbeiten jetzt L\u00e4nder\u00fcbergreifend zusammen. Dadurch sind wir flexibler, vielf\u00e4ltiger und breiter aufgestellt als je zuvor. Und dass jeder einen gut ausgestatteten Arbeitsplatz hat, ist heute eine Selbstverst\u00e4ndlichkeit.<\/p>\n\n\n\n<p>Diese Entwicklung zeigt uns, dass aus einer Krise manchmal auch etwas Gutes entstehen kann. Es kommt nur darauf an, was man daraus macht.<\/p>\n\n\n\n<p><\/p>\n","protected":false},"excerpt":{"rendered":"<p>Diese Woche vor f\u00fcnf Jahren (damals noch unter unserem alten Firmennamen) haben wir uns unsere Laptops geschnappt und zum ersten Mal von zu Hause aus gearbeitet. Corona war der Ausl\u00f6ser. Kurz darauf kam der Lockdown und zwang uns, lange Zeit an K\u00fcchen- und Wohnzimmertischen zu arbeiten. Keiner von uns hatte zu dieser Zeit ein gut [&hellip;]<\/p>\n","protected":false},"author":4,"featured_media":0,"comment_status":"closed","ping_status":"closed","sticky":false,"template":"","format":"standard","meta":{"footnotes":""},"categories":[31],"tags":[],"class_list":["post-3754","post","type-post","status-publish","format-standard","hentry","category-news-de"],"yoast_head":"<!-- This site is optimized with the Yoast SEO plugin v25.0 - https:\/\/yoast.com\/wordpress\/plugins\/seo\/ -->\n<title>Von der Krise zur Chance: Remote Work hat unsere Arbeit ver\u00e4ndert - Excelsea<\/title>\n<meta name=\"robots\" content=\"index, follow, max-snippet:-1, max-image-preview:large, max-video-preview:-1\" \/>\n<link rel=\"canonical\" href=\"https:\/\/excelsea.de\/de\/von-der-krise-zur-chance-remote-work-hat-unsere-arbeit-veraendert\/\" \/>\n<meta property=\"og:locale\" content=\"de_DE\" \/>\n<meta property=\"og:type\" content=\"article\" \/>\n<meta property=\"og:title\" content=\"Von der Krise zur Chance: Remote Work hat unsere Arbeit ver\u00e4ndert - Excelsea\" \/>\n<meta property=\"og:description\" content=\"Diese Woche vor f\u00fcnf Jahren (damals noch unter unserem alten Firmennamen) haben wir uns unsere Laptops geschnappt und zum ersten Mal von zu Hause aus gearbeitet. Corona war der Ausl\u00f6ser. Kurz darauf kam der Lockdown und zwang uns, lange Zeit an K\u00fcchen- und Wohnzimmertischen zu arbeiten. Keiner von uns hatte zu dieser Zeit ein gut [&hellip;]\" \/>\n<meta property=\"og:url\" content=\"https:\/\/excelsea.de\/de\/von-der-krise-zur-chance-remote-work-hat-unsere-arbeit-veraendert\/\" \/>\n<meta property=\"og:site_name\" content=\"Excelsea\" \/>\n<meta property=\"article:published_time\" content=\"2025-03-26T09:42:03+00:00\" \/>\n<meta property=\"article:modified_time\" content=\"2025-03-26T09:42:04+00:00\" \/>\n<meta name=\"author\" content=\"susanne\" \/>\n<meta name=\"twitter:card\" content=\"summary_large_image\" \/>\n<meta name=\"twitter:label1\" content=\"Verfasst von\" \/>\n\t<meta name=\"twitter:data1\" content=\"susanne\" \/>\n\t<meta name=\"twitter:label2\" content=\"Gesch\u00e4tzte Lesezeit\" \/>\n\t<meta name=\"twitter:data2\" content=\"1\u00a0Minute\" \/>\n<script type=\"application\/ld+json\" class=\"yoast-schema-graph\">{\"@context\":\"https:\/\/schema.org\",\"@graph\":[{\"@type\":\"Article\",\"@id\":\"https:\/\/excelsea.de\/de\/von-der-krise-zur-chance-remote-work-hat-unsere-arbeit-veraendert\/#article\",\"isPartOf\":{\"@id\":\"https:\/\/excelsea.de\/de\/von-der-krise-zur-chance-remote-work-hat-unsere-arbeit-veraendert\/\"},\"author\":{\"name\":\"susanne\",\"@id\":\"https:\/\/excelsea.de\/de\/#\/schema\/person\/f4fb4c3ce71e05249256d9cdccf3d778\"},\"headline\":\"Von der Krise zur Chance: Remote Work hat unsere Arbeit ver\u00e4ndert\",\"datePublished\":\"2025-03-26T09:42:03+00:00\",\"dateModified\":\"2025-03-26T09:42:04+00:00\",\"mainEntityOfPage\":{\"@id\":\"https:\/\/excelsea.de\/de\/von-der-krise-zur-chance-remote-work-hat-unsere-arbeit-veraendert\/\"},\"wordCount\":154,\"publisher\":{\"@id\":\"https:\/\/excelsea.de\/de\/#organization\"},\"articleSection\":[\"News\"],\"inLanguage\":\"de\"},{\"@type\":\"WebPage\",\"@id\":\"https:\/\/excelsea.de\/de\/von-der-krise-zur-chance-remote-work-hat-unsere-arbeit-veraendert\/\",\"url\":\"https:\/\/excelsea.de\/de\/von-der-krise-zur-chance-remote-work-hat-unsere-arbeit-veraendert\/\",\"name\":\"Von der Krise zur Chance: Remote Work hat unsere Arbeit ver\u00e4ndert - Excelsea\",\"isPartOf\":{\"@id\":\"https:\/\/excelsea.de\/de\/#website\"},\"datePublished\":\"2025-03-26T09:42:03+00:00\",\"dateModified\":\"2025-03-26T09:42:04+00:00\",\"breadcrumb\":{\"@id\":\"https:\/\/excelsea.de\/de\/von-der-krise-zur-chance-remote-work-hat-unsere-arbeit-veraendert\/#breadcrumb\"},\"inLanguage\":\"de\",\"potentialAction\":[{\"@type\":\"ReadAction\",\"target\":[\"https:\/\/excelsea.de\/de\/von-der-krise-zur-chance-remote-work-hat-unsere-arbeit-veraendert\/\"]}]},{\"@type\":\"BreadcrumbList\",\"@id\":\"https:\/\/excelsea.de\/de\/von-der-krise-zur-chance-remote-work-hat-unsere-arbeit-veraendert\/#breadcrumb\",\"itemListElement\":[{\"@type\":\"ListItem\",\"position\":1,\"name\":\"Home\",\"item\":\"https:\/\/excelsea.de\/de\/\"},{\"@type\":\"ListItem\",\"position\":2,\"name\":\"Von der Krise zur Chance: Remote Work hat unsere Arbeit ver\u00e4ndert\"}]},{\"@type\":\"WebSite\",\"@id\":\"https:\/\/excelsea.de\/de\/#website\",\"url\":\"https:\/\/excelsea.de\/de\/\",\"name\":\"Excelsea\",\"description\":\"We make agencies&#039; work easier\",\"publisher\":{\"@id\":\"https:\/\/excelsea.de\/de\/#organization\"},\"potentialAction\":[{\"@type\":\"SearchAction\",\"target\":{\"@type\":\"EntryPoint\",\"urlTemplate\":\"https:\/\/excelsea.de\/de\/?s={search_term_string}\"},\"query-input\":{\"@type\":\"PropertyValueSpecification\",\"valueRequired\":true,\"valueName\":\"search_term_string\"}}],\"inLanguage\":\"de\"},{\"@type\":\"Organization\",\"@id\":\"https:\/\/excelsea.de\/de\/#organization\",\"name\":\"Excelsea\",\"url\":\"https:\/\/excelsea.de\/de\/\",\"logo\":{\"@type\":\"ImageObject\",\"inLanguage\":\"de\",\"@id\":\"https:\/\/excelsea.de\/de\/#\/schema\/logo\/image\/\",\"url\":\"https:\/\/excelsea.de\/wp-content\/uploads\/2021\/09\/logo.png\",\"contentUrl\":\"https:\/\/excelsea.de\/wp-content\/uploads\/2021\/09\/logo.png\",\"width\":58,\"height\":29,\"caption\":\"Excelsea\"},\"image\":{\"@id\":\"https:\/\/excelsea.de\/de\/#\/schema\/logo\/image\/\"}},{\"@type\":\"Person\",\"@id\":\"https:\/\/excelsea.de\/de\/#\/schema\/person\/f4fb4c3ce71e05249256d9cdccf3d778\",\"name\":\"susanne\",\"image\":{\"@type\":\"ImageObject\",\"inLanguage\":\"de\",\"@id\":\"https:\/\/excelsea.de\/de\/#\/schema\/person\/image\/\",\"url\":\"https:\/\/secure.gravatar.com\/avatar\/3190f7931bc01c01b7aeb4978837a98ceeac8262bbbd47943233618c1097b416?s=96&d=mm&r=g\",\"contentUrl\":\"https:\/\/secure.gravatar.com\/avatar\/3190f7931bc01c01b7aeb4978837a98ceeac8262bbbd47943233618c1097b416?s=96&d=mm&r=g\",\"caption\":\"susanne\"},\"url\":\"https:\/\/excelsea.de\/de\/author\/susanne\/\"}]}<\/script>\n<!-- \/ Yoast SEO plugin. -->","yoast_head_json":{"title":"Von der Krise zur Chance: Remote Work hat unsere Arbeit ver\u00e4ndert - Excelsea","robots":{"index":"index","follow":"follow","max-snippet":"max-snippet:-1","max-image-preview":"max-image-preview:large","max-video-preview":"max-video-preview:-1"},"canonical":"https:\/\/excelsea.de\/de\/von-der-krise-zur-chance-remote-work-hat-unsere-arbeit-veraendert\/","og_locale":"de_DE","og_type":"article","og_title":"Von der Krise zur Chance: Remote Work hat unsere Arbeit ver\u00e4ndert - Excelsea","og_description":"Diese Woche vor f\u00fcnf Jahren (damals noch unter unserem alten Firmennamen) haben wir uns unsere Laptops geschnappt und zum ersten Mal von zu Hause aus gearbeitet. Corona war der Ausl\u00f6ser. Kurz darauf kam der Lockdown und zwang uns, lange Zeit an K\u00fcchen- und Wohnzimmertischen zu arbeiten. Keiner von uns hatte zu dieser Zeit ein gut [&hellip;]","og_url":"https:\/\/excelsea.de\/de\/von-der-krise-zur-chance-remote-work-hat-unsere-arbeit-veraendert\/","og_site_name":"Excelsea","article_published_time":"2025-03-26T09:42:03+00:00","article_modified_time":"2025-03-26T09:42:04+00:00","author":"susanne","twitter_card":"summary_large_image","twitter_misc":{"Verfasst von":"susanne","Gesch\u00e4tzte Lesezeit":"1\u00a0Minute"},"schema":{"@context":"https:\/\/schema.org","@graph":[{"@type":"Article","@id":"https:\/\/excelsea.de\/de\/von-der-krise-zur-chance-remote-work-hat-unsere-arbeit-veraendert\/#article","isPartOf":{"@id":"https:\/\/excelsea.de\/de\/von-der-krise-zur-chance-remote-work-hat-unsere-arbeit-veraendert\/"},"author":{"name":"susanne","@id":"https:\/\/excelsea.de\/de\/#\/schema\/person\/f4fb4c3ce71e05249256d9cdccf3d778"},"headline":"Von der Krise zur Chance: Remote Work hat unsere Arbeit ver\u00e4ndert","datePublished":"2025-03-26T09:42:03+00:00","dateModified":"2025-03-26T09:42:04+00:00","mainEntityOfPage":{"@id":"https:\/\/excelsea.de\/de\/von-der-krise-zur-chance-remote-work-hat-unsere-arbeit-veraendert\/"},"wordCount":154,"publisher":{"@id":"https:\/\/excelsea.de\/de\/#organization"},"articleSection":["News"],"inLanguage":"de"},{"@type":"WebPage","@id":"https:\/\/excelsea.de\/de\/von-der-krise-zur-chance-remote-work-hat-unsere-arbeit-veraendert\/","url":"https:\/\/excelsea.de\/de\/von-der-krise-zur-chance-remote-work-hat-unsere-arbeit-veraendert\/","name":"Von der Krise zur Chance: Remote Work hat unsere Arbeit ver\u00e4ndert - Excelsea","isPartOf":{"@id":"https:\/\/excelsea.de\/de\/#website"},"datePublished":"2025-03-26T09:42:03+00:00","dateModified":"2025-03-26T09:42:04+00:00","breadcrumb":{"@id":"https:\/\/excelsea.de\/de\/von-der-krise-zur-chance-remote-work-hat-unsere-arbeit-veraendert\/#breadcrumb"},"inLanguage":"de","potentialAction":[{"@type":"ReadAction","target":["https:\/\/excelsea.de\/de\/von-der-krise-zur-chance-remote-work-hat-unsere-arbeit-veraendert\/"]}]},{"@type":"BreadcrumbList","@id":"https:\/\/excelsea.de\/de\/von-der-krise-zur-chance-remote-work-hat-unsere-arbeit-veraendert\/#breadcrumb","itemListElement":[{"@type":"ListItem","position":1,"name":"Home","item":"https:\/\/excelsea.de\/de\/"},{"@type":"ListItem","position":2,"name":"Von der Krise zur Chance: Remote Work hat unsere Arbeit ver\u00e4ndert"}]},{"@type":"WebSite","@id":"https:\/\/excelsea.de\/de\/#website","url":"https:\/\/excelsea.de\/de\/","name":"Excelsea","description":"We make agencies&#039; work easier","publisher":{"@id":"https:\/\/excelsea.de\/de\/#organization"},"potentialAction":[{"@type":"SearchAction","target":{"@type":"EntryPoint","urlTemplate":"https:\/\/excelsea.de\/de\/?s={search_term_string}"},"query-input":{"@type":"PropertyValueSpecification","valueRequired":true,"valueName":"search_term_string"}}],"inLanguage":"de"},{"@type":"Organization","@id":"https:\/\/excelsea.de\/de\/#organization","name":"Excelsea","url":"https:\/\/excelsea.de\/de\/","logo":{"@type":"ImageObject","inLanguage":"de","@id":"https:\/\/excelsea.de\/de\/#\/schema\/logo\/image\/","url":"https:\/\/excelsea.de\/wp-content\/uploads\/2021\/09\/logo.png","contentUrl":"https:\/\/excelsea.de\/wp-content\/uploads\/2021\/09\/logo.png","width":58,"height":29,"caption":"Excelsea"},"image":{"@id":"https:\/\/excelsea.de\/de\/#\/schema\/logo\/image\/"}},{"@type":"Person","@id":"https:\/\/excelsea.de\/de\/#\/schema\/person\/f4fb4c3ce71e05249256d9cdccf3d778","name":"susanne","image":{"@type":"ImageObject","inLanguage":"de","@id":"https:\/\/excelsea.de\/de\/#\/schema\/person\/image\/","url":"https:\/\/secure.gravatar.com\/avatar\/3190f7931bc01c01b7aeb4978837a98ceeac8262bbbd47943233618c1097b416?s=96&d=mm&r=g","contentUrl":"https:\/\/secure.gravatar.com\/avatar\/3190f7931bc01c01b7aeb4978837a98ceeac8262bbbd47943233618c1097b416?s=96&d=mm&r=g","caption":"susanne"},"url":"https:\/\/excelsea.de\/de\/author\/susanne\/"}]}},"_links":{"self":[{"href":"https:\/\/excelsea.de\/de\/wp-json\/wp\/v2\/posts\/3754","targetHints":{"allow":["GET"]}}],"collection":[{"href":"https:\/\/excelsea.de\/de\/wp-json\/wp\/v2\/posts"}],"about":[{"href":"https:\/\/excelsea.de\/de\/wp-json\/wp\/v2\/types\/post"}],"author":[{"embeddable":true,"href":"https:\/\/excelsea.de\/de\/wp-json\/wp\/v2\/users\/4"}],"replies":[{"embeddable":true,"href":"https:\/\/excelsea.de\/de\/wp-json\/wp\/v2\/comments?post=3754"}],"version-history":[{"count":1,"href":"https:\/\/excelsea.de\/de\/wp-json\/wp\/v2\/posts\/3754\/revisions"}],"predecessor-version":[{"id":3755,"href":"https:\/\/excelsea.de\/de\/wp-json\/wp\/v2\/posts\/3754\/revisions\/3755"}],"wp:attachment":[{"href":"https:\/\/excelsea.de\/de\/wp-json\/wp\/v2\/media?parent=3754"}],"wp:term":[{"taxonomy":"category","embeddable":true,"href":"https:\/\/excelsea.de\/de\/wp-json\/wp\/v2\/categories?post=3754"},{"taxonomy":"post_tag","embeddable":true,"href":"https:\/\/excelsea.de\/de\/wp-json\/wp\/v2\/tags?post=3754"}],"curies":[{"name":"wp","href":"https:\/\/api.w.org\/{rel}","templated":true}]}}